{"id":3252,"date":"2015-07-14T22:58:26","date_gmt":"2015-07-14T20:58:26","guid":{"rendered":"http:\/\/www.wsvlangen.de\/?p=3252"},"modified":"2015-07-16T23:16:56","modified_gmt":"2015-07-16T21:16:56","slug":"wir-fliegen-auf-euch","status":"publish","type":"post","link":"https:\/\/www.wsvlangen.de\/?p=3252","title":{"rendered":"Wir fliegen auf Euch"},"content":{"rendered":"<p>Und darauf, dass Ihr so zahlreich bei unserer 2. Sommerregatta des Jahres mitgemacht habt. Flyrian, \u00e4h, Florian, Uli und ihr Wettfahrtleitungsteam haben deshalb weder Kosten noch M\u00fchen gescheut und sensationelle Bilder des zweiten Starts f\u00fcr Euch eingefangen. Extra f\u00fcr Euch. NJoy!<\/p>\n<p><iframe loading=\"lazy\" width=\"560\" height=\"315\" src=\"https:\/\/www.youtube.com\/embed\/NKDKEv-7Za4\" frameborder=\"0\" allowfullscreen><\/iframe><\/p>\n<p>Nachtrag: <a href=\"https:\/\/www.wsvlangen.de\/wordpress\/wp-content\/uploads\/2015\/07\/Sommerregatta2015-Lauf2-120720153.pdf\">Hier gibt es die Ergebnisliste des 2. Laufs.<\/a><\/p>\n","protected":false},"excerpt":{"rendered":"<p>Und darauf, dass Ihr so zahlreich bei unserer 2. Sommerregatta des Jahres mitgemacht habt. Flyrian, \u00e4h, Florian, Uli und ihr Wettfahrtleitungsteam haben deshalb weder Kosten noch M\u00fchen gescheut und sensationelle Bilder des zweiten Starts f\u00fcr Euch eingefangen. Extra f\u00fcr Euch. &hellip; <a href=\"https:\/\/www.wsvlangen.de\/?p=3252\">Weiterlesen <span class=\"meta-nav\">&rarr;<\/span><\/a><\/p>\n","protected":false},"author":1,"featured_media":0,"comment_status":"open","ping_status":"open","sticky":false,"template":"","format":"standard","meta":{"ngg_post_thumbnail":0,"footnotes":""},"categories":[1],"tags":[],"class_list":["post-3252","post","type-post","status-publish","format-standard","hentry","category-allgemein"],"_links":{"self":[{"href":"https:\/\/www.wsvlangen.de\/index.php?rest_route=\/wp\/v2\/posts\/3252","targetHints":{"allow":["GET"]}}],"collection":[{"href":"https:\/\/www.wsvlangen.de\/index.php?rest_route=\/wp\/v2\/posts"}],"about":[{"href":"https:\/\/www.wsvlangen.de\/index.php?rest_route=\/wp\/v2\/types\/post"}],"author":[{"embeddable":true,"href":"https:\/\/www.wsvlangen.de\/index.php?rest_route=\/wp\/v2\/users\/1"}],"replies":[{"embeddable":true,"href":"https:\/\/www.wsvlangen.de\/index.php?rest_route=%2Fwp%2Fv2%2Fcomments&post=3252"}],"version-history":[{"count":11,"href":"https:\/\/www.wsvlangen.de\/index.php?rest_route=\/wp\/v2\/posts\/3252\/revisions"}],"predecessor-version":[{"id":3270,"href":"https:\/\/www.wsvlangen.de\/index.php?rest_route=\/wp\/v2\/posts\/3252\/revisions\/3270"}],"wp:attachment":[{"href":"https:\/\/www.wsvlangen.de\/index.php?rest_route=%2Fwp%2Fv2%2Fmedia&parent=3252"}],"wp:term":[{"taxonomy":"category","embeddable":true,"href":"https:\/\/www.wsvlangen.de\/index.php?rest_route=%2Fwp%2Fv2%2Fcategories&post=3252"},{"taxonomy":"post_tag","embeddable":true,"href":"https:\/\/www.wsvlangen.de\/index.php?rest_route=%2Fwp%2Fv2%2Ftags&post=3252"}],"curies":[{"name":"wp","href":"https:\/\/api.w.org\/{rel}","templated":true}]}}