{"id":6646,"date":"2024-09-23T14:37:24","date_gmt":"2024-09-23T12:37:24","guid":{"rendered":"https:\/\/www.wsvlangen.de\/?p=6646"},"modified":"2024-09-23T14:39:10","modified_gmt":"2024-09-23T12:39:10","slug":"die-stadtmeister-2024","status":"publish","type":"post","link":"https:\/\/www.wsvlangen.de\/?p=6646","title":{"rendered":"Die Stadtmeister 2024&#8230;"},"content":{"rendered":"<p>&#8230;sind nach drei Sommerregatten beim WSV und der \u00dc\/U-35-Regatta beim DSCL gek\u00fcrt und wir sind begeistert, dass auch in diesem Jahr wieder so viele mitgemacht haben. Es war sehr sch\u00f6n mit Euch und wir freuen uns bereits jetzt auf das n\u00e4chste Jahr.<\/p>\n<p>Im letzten Lauf gewonnen hat Detlev Guminski, vor dem zweitplatzierten David Guminski &nbsp;(beide DSCL) und Thomas Laukhardt (WSVL) auf Rang 3.<\/p>\n<p>In der Gesamtwertung gewonnen, und damit den Titel geholt, hat Thomas Laukhardt auf seinem ILCA 7, die Silbermedaille haben sich die Vorjahressieger Erik, Annika und Lotta Hecht gesichert und auf dem dritten Platz hat sich Michael Sch\u00f6fer mit seinem Team in die Annalen eingraviert. Wir gratulieren! <a href=\"https:\/\/www.manage2sail.com\/de-DE\/Home\/Cup\/05a9ca87-8538-4ce8-8264-dab4843087cf?cupGroupId=39376b37-1862-4f66-93a8-a7652084fd7c#!\/results\" target=\"_blank\" rel=\"noopener\">Hier gibt&#8217;s den link zur Liste.<\/a><\/p>\n<p><a href=\"https:\/\/www.wsvlangen.de\/wordpress\/wp-content\/uploads\/2024\/09\/Stadtmeisterschaft2024-2.jpg\"><img loading=\"lazy\" decoding=\"async\" class=\"aligncenter size-full wp-image-6648\" src=\"https:\/\/www.wsvlangen.de\/wordpress\/wp-content\/uploads\/2024\/09\/Stadtmeisterschaft2024-2.jpg\" alt=\"\" width=\"1685\" height=\"1235\" srcset=\"https:\/\/www.wsvlangen.de\/wordpress\/wp-content\/uploads\/2024\/09\/Stadtmeisterschaft2024-2.jpg 1685w, https:\/\/www.wsvlangen.de\/wordpress\/wp-content\/uploads\/2024\/09\/Stadtmeisterschaft2024-2-300x220.jpg 300w, https:\/\/www.wsvlangen.de\/wordpress\/wp-content\/uploads\/2024\/09\/Stadtmeisterschaft2024-2-1024x751.jpg 1024w, https:\/\/www.wsvlangen.de\/wordpress\/wp-content\/uploads\/2024\/09\/Stadtmeisterschaft2024-2-768x563.jpg 768w, https:\/\/www.wsvlangen.de\/wordpress\/wp-content\/uploads\/2024\/09\/Stadtmeisterschaft2024-2-1536x1126.jpg 1536w\" sizes=\"auto, (max-width: 1685px) 100vw, 1685px\" \/><\/a><\/p>\n<p><a href=\"https:\/\/www.wsvlangen.de\/wordpress\/wp-content\/uploads\/2024\/09\/Stadtmeisterschaft2024-1.jpg\"><img loading=\"lazy\" decoding=\"async\" class=\"aligncenter size-full wp-image-6647\" src=\"https:\/\/www.wsvlangen.de\/wordpress\/wp-content\/uploads\/2024\/09\/Stadtmeisterschaft2024-1.jpg\" alt=\"\" width=\"829\" height=\"546\" srcset=\"https:\/\/www.wsvlangen.de\/wordpress\/wp-content\/uploads\/2024\/09\/Stadtmeisterschaft2024-1.jpg 829w, https:\/\/www.wsvlangen.de\/wordpress\/wp-content\/uploads\/2024\/09\/Stadtmeisterschaft2024-1-300x198.jpg 300w, https:\/\/www.wsvlangen.de\/wordpress\/wp-content\/uploads\/2024\/09\/Stadtmeisterschaft2024-1-768x506.jpg 768w\" sizes=\"auto, (max-width: 829px) 100vw, 829px\" \/><\/a><\/p>\n","protected":false},"excerpt":{"rendered":"<p>&#8230;sind nach drei Sommerregatten beim WSV und der \u00dc\/U-35-Regatta beim DSCL gek\u00fcrt und wir sind begeistert, dass auch in diesem Jahr wieder so viele mitgemacht haben. Es war sehr sch\u00f6n mit Euch und wir freuen uns bereits jetzt auf das &hellip; <a href=\"https:\/\/www.wsvlangen.de\/?p=6646\">Weiterlesen <span class=\"meta-nav\">&rarr;<\/span><\/a><\/p>\n","protected":false},"author":1,"featured_media":0,"comment_status":"closed","ping_status":"closed","sticky":false,"template":"","format":"standard","meta":{"ngg_post_thumbnail":0,"footnotes":""},"categories":[1],"tags":[],"class_list":["post-6646","post","type-post","status-publish","format-standard","hentry","category-allgemein"],"_links":{"self":[{"href":"https:\/\/www.wsvlangen.de\/index.php?rest_route=\/wp\/v2\/posts\/6646","targetHints":{"allow":["GET"]}}],"collection":[{"href":"https:\/\/www.wsvlangen.de\/index.php?rest_route=\/wp\/v2\/posts"}],"about":[{"href":"https:\/\/www.wsvlangen.de\/index.php?rest_route=\/wp\/v2\/types\/post"}],"author":[{"embeddable":true,"href":"https:\/\/www.wsvlangen.de\/index.php?rest_route=\/wp\/v2\/users\/1"}],"replies":[{"embeddable":true,"href":"https:\/\/www.wsvlangen.de\/index.php?rest_route=%2Fwp%2Fv2%2Fcomments&post=6646"}],"version-history":[{"count":2,"href":"https:\/\/www.wsvlangen.de\/index.php?rest_route=\/wp\/v2\/posts\/6646\/revisions"}],"predecessor-version":[{"id":6650,"href":"https:\/\/www.wsvlangen.de\/index.php?rest_route=\/wp\/v2\/posts\/6646\/revisions\/6650"}],"wp:attachment":[{"href":"https:\/\/www.wsvlangen.de\/index.php?rest_route=%2Fwp%2Fv2%2Fmedia&parent=6646"}],"wp:term":[{"taxonomy":"category","embeddable":true,"href":"https:\/\/www.wsvlangen.de\/index.php?rest_route=%2Fwp%2Fv2%2Fcategories&post=6646"},{"taxonomy":"post_tag","embeddable":true,"href":"https:\/\/www.wsvlangen.de\/index.php?rest_route=%2Fwp%2Fv2%2Ftags&post=6646"}],"curies":[{"name":"wp","href":"https:\/\/api.w.org\/{rel}","templated":true}]}}