{"id":6936,"date":"2026-04-26T11:51:46","date_gmt":"2026-04-26T09:51:46","guid":{"rendered":"https:\/\/www.wsvlangen.de\/?p=6936"},"modified":"2026-04-26T11:57:20","modified_gmt":"2026-04-26T09:57:20","slug":"der-gardasee-ist","status":"publish","type":"post","link":"https:\/\/www.wsvlangen.de\/?p=6936","title":{"rendered":"Der Gardasee ist&#8230;"},"content":{"rendered":"\n<p><\/p>\n\n\n\n<figure class=\"wp-block-image size-large\"><a href=\"https:\/\/www.wsvlangen.de\/wordpress\/wp-content\/uploads\/2026\/04\/Gardase2026-06.jpg\"><img loading=\"lazy\" decoding=\"async\" width=\"1024\" height=\"768\" src=\"https:\/\/www.wsvlangen.de\/wordpress\/wp-content\/uploads\/2026\/04\/Gardase2026-06-1024x768.jpg\" alt=\"\" class=\"wp-image-6938\" srcset=\"https:\/\/www.wsvlangen.de\/wordpress\/wp-content\/uploads\/2026\/04\/Gardase2026-06-1024x768.jpg 1024w, https:\/\/www.wsvlangen.de\/wordpress\/wp-content\/uploads\/2026\/04\/Gardase2026-06-300x225.jpg 300w, https:\/\/www.wsvlangen.de\/wordpress\/wp-content\/uploads\/2026\/04\/Gardase2026-06-768x576.jpg 768w, https:\/\/www.wsvlangen.de\/wordpress\/wp-content\/uploads\/2026\/04\/Gardase2026-06-1536x1152.jpg 1536w, https:\/\/www.wsvlangen.de\/wordpress\/wp-content\/uploads\/2026\/04\/Gardase2026-06.jpg 1600w\" sizes=\"auto, (max-width: 1024px) 100vw, 1024px\" \/><\/a><\/figure>\n\n\n\n<p>..f\u00fcr Segler- und Surfer aus Deutschland seit Jahrzehnten eine zweite Heimat. Auch Langener Aktive gehen dort regelm\u00e4\u00dfig aufs Wasser. In dieser Saison war der WSV-Nachwuchs, nebst eigens kreierten Logo-Hoodies, sogar mit einer eigenen Trainingsgruppe vertreten. Hier der Bericht unserer Jugendwartin Katrin:<\/p>\n\n\n\n<figure class=\"wp-block-image size-large\"><a href=\"https:\/\/www.wsvlangen.de\/wordpress\/wp-content\/uploads\/2026\/04\/Gardase2026-01.jpg\"><img loading=\"lazy\" decoding=\"async\" width=\"1024\" height=\"685\" src=\"https:\/\/www.wsvlangen.de\/wordpress\/wp-content\/uploads\/2026\/04\/Gardase2026-01-1024x685.jpg\" alt=\"\" class=\"wp-image-6937\" srcset=\"https:\/\/www.wsvlangen.de\/wordpress\/wp-content\/uploads\/2026\/04\/Gardase2026-01-1024x685.jpg 1024w, https:\/\/www.wsvlangen.de\/wordpress\/wp-content\/uploads\/2026\/04\/Gardase2026-01-300x201.jpg 300w, https:\/\/www.wsvlangen.de\/wordpress\/wp-content\/uploads\/2026\/04\/Gardase2026-01-768x514.jpg 768w, https:\/\/www.wsvlangen.de\/wordpress\/wp-content\/uploads\/2026\/04\/Gardase2026-01-1536x1027.jpg 1536w, https:\/\/www.wsvlangen.de\/wordpress\/wp-content\/uploads\/2026\/04\/Gardase2026-01.jpg 1862w\" sizes=\"auto, (max-width: 1024px) 100vw, 1024px\" \/><\/a><\/figure>\n\n\n\n<p class=\"has-medium-font-size\"><strong>F\u00fcnf Tage Ostertraining in Torbole am Gardasee<\/strong><\/p>\n\n\n\n<p>\u201eIm Opti am Gardasee trainieren \u2013 mit richtig tollem Wind!\u201c &#8211; so die Idee, die im Herbst gemeinsam mit unseren j\u00fcngsten Seglerinnen und Seglern entstanden ist. Die Gruppe der f\u00fcnf engagierten Kids zwischen sieben und elf Jahren hatten dazu gro\u00dfe Lust, und die Trainer Chris und Aleks sowie Betreuerin Lotte (die beiden letzteren haben fr\u00fcher selbst regelm\u00e4\u00dfig an Ostern am Gardasee trainiert) zu \u00fcberzeugen, war ein Leichtes. Kurzerhand wurde also das neue Motorboot auf den Trailer gezogen, die Optis auf den gro\u00dfen Trailer gepackt und es konnte losgehen.<\/p>\n\n\n\n<figure class=\"wp-block-image size-large\"><a href=\"https:\/\/www.wsvlangen.de\/wordpress\/wp-content\/uploads\/2026\/04\/Gardase2026-03.jpg\"><img loading=\"lazy\" decoding=\"async\" width=\"1024\" height=\"768\" src=\"https:\/\/www.wsvlangen.de\/wordpress\/wp-content\/uploads\/2026\/04\/Gardase2026-03-1024x768.jpg\" alt=\"\" class=\"wp-image-6939\" srcset=\"https:\/\/www.wsvlangen.de\/wordpress\/wp-content\/uploads\/2026\/04\/Gardase2026-03-1024x768.jpg 1024w, https:\/\/www.wsvlangen.de\/wordpress\/wp-content\/uploads\/2026\/04\/Gardase2026-03-300x225.jpg 300w, https:\/\/www.wsvlangen.de\/wordpress\/wp-content\/uploads\/2026\/04\/Gardase2026-03-768x576.jpg 768w, https:\/\/www.wsvlangen.de\/wordpress\/wp-content\/uploads\/2026\/04\/Gardase2026-03-1536x1152.jpg 1536w, https:\/\/www.wsvlangen.de\/wordpress\/wp-content\/uploads\/2026\/04\/Gardase2026-03.jpg 2016w\" sizes=\"auto, (max-width: 1024px) 100vw, 1024px\" \/><\/a><\/figure>\n\n\n\n<p>So startete am 28. M\u00e4rz unser erstes WSV-Training in Torbole. Die Kinder Enna, Marie, Marlene, Georg und Philipp (deren \u00e4ltere Geschwister teilweise bereits in den Fortgeschrittenen-Gruppen des Landesverbandes trainieren) aus unserer Jugendgruppe wurden erg\u00e4nzt von Rosa und Maxim vom Segelclub Eich und Jonathan vom Wassersportverein Schierstein. Mit acht Kids hatten wir eine gute \u00dcbungsgruppe, die von Gruppenst\u00e4rke und Leistungsniveau gut zusammenpasste.<\/p>\n\n\n\n<p>Der Wind blies am Samstag bereits vormittags recht kr\u00e4ftig \u2013 weit st\u00e4rker, als man es vom Nordwind Vento sonst gew\u00f6hnt ist. Eine gro\u00dfe Herausforderung f\u00fcr die Gardasee-Newbies, die von den Trainern mit viel Empathie, durch die Reduzierung der Optis auf dem Wasser und die Dauer des Trainings gemeinsam mit den Kindern gemeistert wurde. Nach dem Motto \u201eAlles kann \u2013 nichts muss!\u201c Gab\u2019s auch ein abwechslungsreiches Alternativprogramm aus Theorie, Knotenkunde und einer Nachbesprechung, um das Wassertraining optimal zu erg\u00e4nzen.<\/p>\n\n\n\n<figure class=\"wp-block-image size-large\"><a href=\"https:\/\/www.wsvlangen.de\/wordpress\/wp-content\/uploads\/2026\/04\/Gardase2026-04-scaled.jpg\"><img loading=\"lazy\" decoding=\"async\" width=\"1024\" height=\"768\" src=\"https:\/\/www.wsvlangen.de\/wordpress\/wp-content\/uploads\/2026\/04\/Gardase2026-04-1024x768.jpg\" alt=\"\" class=\"wp-image-6940\" srcset=\"https:\/\/www.wsvlangen.de\/wordpress\/wp-content\/uploads\/2026\/04\/Gardase2026-04-1024x768.jpg 1024w, https:\/\/www.wsvlangen.de\/wordpress\/wp-content\/uploads\/2026\/04\/Gardase2026-04-300x225.jpg 300w, https:\/\/www.wsvlangen.de\/wordpress\/wp-content\/uploads\/2026\/04\/Gardase2026-04-768x576.jpg 768w, https:\/\/www.wsvlangen.de\/wordpress\/wp-content\/uploads\/2026\/04\/Gardase2026-04-1536x1152.jpg 1536w, https:\/\/www.wsvlangen.de\/wordpress\/wp-content\/uploads\/2026\/04\/Gardase2026-04-2048x1536.jpg 2048w\" sizes=\"auto, (max-width: 1024px) 100vw, 1024px\" \/><\/a><\/figure>\n\n\n\n<p>Auch am Sonntag blies der Wind unvermindert aus Nord \u2013 die nachmitt\u00e4gliche Ora, der S\u00fcdwind, blieb aus. Nach einer Wassereinheit am Morgen gingen die Kinder in Torbole auf Entdeckungstour. Eine Stadtrallye mit Eisessen und anschlie\u00dfendem geselligem Come-Together am Strand mit Eltern und Trainern bei Getr\u00e4nken und Snacks rundeten den Tag ab.<\/p>\n\n\n\n<p>Am Montag hatte der Wind so stark aufgefrischt, dass der Gardasee f\u00fcr die Sportaus\u00fcbung gegen Mittag komplett gesperrt wurde. So wanderten die Kinder \u2013 begleitet von Eltern und Betreuerin Lotte auf den Monte Brione, um die spektakul\u00e4re Aussicht zu genie\u00dfen.<\/p>\n\n\n\n<figure class=\"wp-block-image size-large\"><a href=\"https:\/\/www.wsvlangen.de\/wordpress\/wp-content\/uploads\/2026\/04\/Gardase2026-02-scaled.jpg\"><img loading=\"lazy\" decoding=\"async\" width=\"814\" height=\"1024\" src=\"https:\/\/www.wsvlangen.de\/wordpress\/wp-content\/uploads\/2026\/04\/Gardase2026-02-814x1024.jpg\" alt=\"\" class=\"wp-image-6942\" srcset=\"https:\/\/www.wsvlangen.de\/wordpress\/wp-content\/uploads\/2026\/04\/Gardase2026-02-814x1024.jpg 814w, https:\/\/www.wsvlangen.de\/wordpress\/wp-content\/uploads\/2026\/04\/Gardase2026-02-238x300.jpg 238w, https:\/\/www.wsvlangen.de\/wordpress\/wp-content\/uploads\/2026\/04\/Gardase2026-02-768x967.jpg 768w, https:\/\/www.wsvlangen.de\/wordpress\/wp-content\/uploads\/2026\/04\/Gardase2026-02-1220x1536.jpg 1220w, https:\/\/www.wsvlangen.de\/wordpress\/wp-content\/uploads\/2026\/04\/Gardase2026-02-1627x2048.jpg 1627w, https:\/\/www.wsvlangen.de\/wordpress\/wp-content\/uploads\/2026\/04\/Gardase2026-02-scaled.jpg 2034w\" sizes=\"auto, (max-width: 814px) 100vw, 814px\" \/><\/a><\/figure>\n\n\n\n<p>Um 18 Uhr hatte der Hessische Seglerverband dann alle Teilnehmerinnen und Teilnehmer aus unserem Bundesland (rund 70 aus den Bootsklassen Opti, ILCA und 420er) zum Grillen auf den Campingplatz Maroadi eingeladen. Bei W\u00fcrstchen und Getr\u00e4nken fand ein reger Austausch zwischen Aktiven, TrainerInnen und Eltern statt, bei dem der eine oder andere Kontakt gekn\u00fcpft wurde.<\/p>\n\n\n\n<p>Auch am Dienstag gab es neben Wassereinheiten nachmittags Theorie und Knotenkunde, ebenso am Mittwoch, an dem erstmalig der Wind etwas nachgelassen hatte, aber immer noch sehr herausfordernd f\u00fcr die jungen Seglerinnen und Segler war. Am Nachmittag wurde dann die Boote schon wieder verpackt und die ganze Gruppe wanderte \u2013 begleitet von den Eltern \u2013 nach Riva del Garda, um an der Er\u00f6ffnungsfeier des<em> 44. Lake Garda Meeting<\/em>, der weltgr\u00f6\u00dften Klassenregatta teilzunehmen, bei der auch viele hessische Kids aus anderen Trainingsgruppen an den Start gingen.<\/p>\n\n\n\n<p>Alle Kinder haben viel lernen k\u00f6nnen: von Segelerfahrung bis Selbstvertrauen.<\/p>\n\n\n\n<p>Philipp mochte, \u201edass man viel mehr Wind als am Langener Waldsee hat und ich nicht gekentert bin\u201c, w\u00e4hrend Marlene sich \u00fcber ihr Kentern und die Wellen gefreut hat. Marie war am meisten von der Gr\u00f6\u00dfe des Gardasees beeindruckt und ist stolz darauf, dass sie sich trotzdem getraut hat, darauf zu segeln. Georg hat korrektes Wenden gelernt und mochte ebeso die Stadtrallye und die Wanderung. Rosa betonte, dass sie auch durch Beobachtung der anderen Gruppen vieles lernen konnte und Maxim und Jonathan fanden das Segeln und die unterschiedlichen Winde toll. Alle Kinder lobten die Option, jederzeit &#8211; im wahrsten Sinne des Wortes-&nbsp; die Segel streichen zu k\u00f6nnen, wenn es zu viel wurde und alle wollen im n\u00e4chsten Jahr wieder dabei sein.<\/p>\n\n\n\n<figure class=\"wp-block-image size-large\"><a href=\"https:\/\/www.wsvlangen.de\/wordpress\/wp-content\/uploads\/2026\/04\/Gardase2026-07-scaled.jpg\"><img loading=\"lazy\" decoding=\"async\" width=\"768\" height=\"1024\" src=\"https:\/\/www.wsvlangen.de\/wordpress\/wp-content\/uploads\/2026\/04\/Gardase2026-07-768x1024.jpg\" alt=\"\" class=\"wp-image-6943\" srcset=\"https:\/\/www.wsvlangen.de\/wordpress\/wp-content\/uploads\/2026\/04\/Gardase2026-07-768x1024.jpg 768w, https:\/\/www.wsvlangen.de\/wordpress\/wp-content\/uploads\/2026\/04\/Gardase2026-07-225x300.jpg 225w, https:\/\/www.wsvlangen.de\/wordpress\/wp-content\/uploads\/2026\/04\/Gardase2026-07-1152x1536.jpg 1152w, https:\/\/www.wsvlangen.de\/wordpress\/wp-content\/uploads\/2026\/04\/Gardase2026-07-1536x2048.jpg 1536w, https:\/\/www.wsvlangen.de\/wordpress\/wp-content\/uploads\/2026\/04\/Gardase2026-07-scaled.jpg 1920w\" sizes=\"auto, (max-width: 768px) 100vw, 768px\" \/><\/a><\/figure>\n\n\n\n<p>Enna bringt es abschlie\u00dfend auf den Punkt: \u201eIch habe jetzt keine Angst mehr vor mehr Wind auf dem Langener Waldsee\u201c Danke an alle, die das Training m\u00f6glich gemacht haben!&nbsp;<\/p>\n\n\n\n<p>Wir sagen Ciao bis zum n\u00e4chsten Jahr!<\/p>\n","protected":false},"excerpt":{"rendered":"<p>..f\u00fcr Segler- und Surfer aus Deutschland seit Jahrzehnten eine zweite Heimat. Auch Langener Aktive gehen dort regelm\u00e4\u00dfig aufs Wasser. In dieser Saison war der WSV-Nachwuchs, nebst eigens kreierten Logo-Hoodies, sogar mit einer eigenen Trainingsgruppe vertreten. Hier der Bericht unserer Jugendwartin &hellip; <a href=\"https:\/\/www.wsvlangen.de\/?p=6936\">Weiterlesen <span class=\"meta-nav\">&rarr;<\/span><\/a><\/p>\n","protected":false},"author":1,"featured_media":0,"comment_status":"closed","ping_status":"closed","sticky":false,"template":"","format":"standard","meta":{"ngg_post_thumbnail":0,"footnotes":""},"categories":[1],"tags":[],"class_list":["post-6936","post","type-post","status-publish","format-standard","hentry","category-allgemein"],"_links":{"self":[{"href":"https:\/\/www.wsvlangen.de\/index.php?rest_route=\/wp\/v2\/posts\/6936","targetHints":{"allow":["GET"]}}],"collection":[{"href":"https:\/\/www.wsvlangen.de\/index.php?rest_route=\/wp\/v2\/posts"}],"about":[{"href":"https:\/\/www.wsvlangen.de\/index.php?rest_route=\/wp\/v2\/types\/post"}],"author":[{"embeddable":true,"href":"https:\/\/www.wsvlangen.de\/index.php?rest_route=\/wp\/v2\/users\/1"}],"replies":[{"embeddable":true,"href":"https:\/\/www.wsvlangen.de\/index.php?rest_route=%2Fwp%2Fv2%2Fcomments&post=6936"}],"version-history":[{"count":6,"href":"https:\/\/www.wsvlangen.de\/index.php?rest_route=\/wp\/v2\/posts\/6936\/revisions"}],"predecessor-version":[{"id":6949,"href":"https:\/\/www.wsvlangen.de\/index.php?rest_route=\/wp\/v2\/posts\/6936\/revisions\/6949"}],"wp:attachment":[{"href":"https:\/\/www.wsvlangen.de\/index.php?rest_route=%2Fwp%2Fv2%2Fmedia&parent=6936"}],"wp:term":[{"taxonomy":"category","embeddable":true,"href":"https:\/\/www.wsvlangen.de\/index.php?rest_route=%2Fwp%2Fv2%2Fcategories&post=6936"},{"taxonomy":"post_tag","embeddable":true,"href":"https:\/\/www.wsvlangen.de\/index.php?rest_route=%2Fwp%2Fv2%2Ftags&post=6936"}],"curies":[{"name":"wp","href":"https:\/\/api.w.org\/{rel}","templated":true}]}}