{"id":6950,"date":"2026-04-27T09:09:30","date_gmt":"2026-04-27T07:09:30","guid":{"rendered":"https:\/\/www.wsvlangen.de\/?p=6950"},"modified":"2026-04-27T09:09:42","modified_gmt":"2026-04-27T07:09:42","slug":"lets-ansegel","status":"publish","type":"post","link":"https:\/\/www.wsvlangen.de\/?p=6950","title":{"rendered":"Let&#8217;s ansegel!"},"content":{"rendered":"\n<p>Am kommenden Freitag, 1. Mai, laden unsere Nachbarn vom DSCL zum traditionellen gemeinsamen Ansegeln ein. Das erste Ank\u00fcndigungssignal soll, entsprechende Windverh\u00e4ltnisse vorausgesetzt, um 14 Uhr den Start einl\u00e4uten.<\/p>\n\n\n\n<p>Wir freuen uns \u00fcber m\u00f6glichst viele Teilnehmerinnen und Teilnehmer. Um besser planen zu k\u00f6nnen, freut sich das Orga-Team \u00fcber eine vorherige Meldung bei manage2sail. Hier der link f\u00fcr Euch: <a href=\"https:\/\/www.manage2sail.com\/de-DE\/event\/7bd5beaf-bfbd-49c6-99cf-dc7a701f30d3#!\/entries?classId=0a074c8d-6910-4531-b61d-b5f5abdad43a\" target=\"_blank\" rel=\"noreferrer noopener\">Ansegeln 2026.<\/a><\/p>\n\n\n\n<p><\/p>\n","protected":false},"excerpt":{"rendered":"<p>Am kommenden Freitag, 1. Mai, laden unsere Nachbarn vom DSCL zum traditionellen gemeinsamen Ansegeln ein. Das erste Ank\u00fcndigungssignal soll, entsprechende Windverh\u00e4ltnisse vorausgesetzt, um 14 Uhr den Start einl\u00e4uten. Wir freuen uns \u00fcber m\u00f6glichst viele Teilnehmerinnen und Teilnehmer. Um besser planen &hellip; <a href=\"https:\/\/www.wsvlangen.de\/?p=6950\">Weiterlesen <span class=\"meta-nav\">&rarr;<\/span><\/a><\/p>\n","protected":false},"author":1,"featured_media":0,"comment_status":"closed","ping_status":"closed","sticky":false,"template":"","format":"standard","meta":{"ngg_post_thumbnail":0,"footnotes":""},"categories":[1],"tags":[],"class_list":["post-6950","post","type-post","status-publish","format-standard","hentry","category-allgemein"],"_links":{"self":[{"href":"https:\/\/www.wsvlangen.de\/index.php?rest_route=\/wp\/v2\/posts\/6950","targetHints":{"allow":["GET"]}}],"collection":[{"href":"https:\/\/www.wsvlangen.de\/index.php?rest_route=\/wp\/v2\/posts"}],"about":[{"href":"https:\/\/www.wsvlangen.de\/index.php?rest_route=\/wp\/v2\/types\/post"}],"author":[{"embeddable":true,"href":"https:\/\/www.wsvlangen.de\/index.php?rest_route=\/wp\/v2\/users\/1"}],"replies":[{"embeddable":true,"href":"https:\/\/www.wsvlangen.de\/index.php?rest_route=%2Fwp%2Fv2%2Fcomments&post=6950"}],"version-history":[{"count":2,"href":"https:\/\/www.wsvlangen.de\/index.php?rest_route=\/wp\/v2\/posts\/6950\/revisions"}],"predecessor-version":[{"id":6952,"href":"https:\/\/www.wsvlangen.de\/index.php?rest_route=\/wp\/v2\/posts\/6950\/revisions\/6952"}],"wp:attachment":[{"href":"https:\/\/www.wsvlangen.de\/index.php?rest_route=%2Fwp%2Fv2%2Fmedia&parent=6950"}],"wp:term":[{"taxonomy":"category","embeddable":true,"href":"https:\/\/www.wsvlangen.de\/index.php?rest_route=%2Fwp%2Fv2%2Fcategories&post=6950"},{"taxonomy":"post_tag","embeddable":true,"href":"https:\/\/www.wsvlangen.de\/index.php?rest_route=%2Fwp%2Fv2%2Ftags&post=6950"}],"curies":[{"name":"wp","href":"https:\/\/api.w.org\/{rel}","templated":true}]}}